{"id":486,"date":"2026-08-03T13:52:59","date_gmt":"2026-08-03T16:52:59","guid":{"rendered":"https:\/\/www.sbodontologiaespecializada.com.br\/blog\/?p=486"},"modified":"2026-08-03T13:53:00","modified_gmt":"2026-08-03T16:53:00","slug":"odontopediatria-saude-bucal-infantil","status":"publish","type":"post","link":"https:\/\/www.sbodontologiaespecializada.com.br\/blog\/odontopediatria-saude-bucal-infantil\/","title":{"rendered":"Odontopediatria: cuide dos dentes dos seus filhos antes mesmo de eles nascerem"},"content":{"rendered":"\n<p class=\"wp-block-paragraph\">Quando pensamos na sa\u00fade dos nossos filhos, normalmente imaginamos o pr\u00e9-natal, as vacinas, a alimenta\u00e7\u00e3o e as consultas com o pediatra. Mas poucas pessoas sabem que a sa\u00fade bucal tamb\u00e9m come\u00e7a muito antes do nascimento dos dentes permanentes.<\/p>\n\n\n\n<p class=\"wp-block-paragraph\">Na verdade, ela come\u00e7a ainda na gesta\u00e7\u00e3o. E depois do nascimento, os dentes de leite assumem um papel muito maior do que simplesmente permitir que a crian\u00e7a mastigue: eles funcionam como verdadeiros guias para o desenvolvimento da boca e da face.<\/p>\n\n\n\n<h2 class=\"wp-block-heading\">A sa\u00fade bucal come\u00e7a na gesta\u00e7\u00e3o<\/h2>\n\n\n\n<p class=\"wp-block-paragraph\">Durante a gravidez, h\u00e1bitos maternos, nutri\u00e7\u00e3o e orienta\u00e7\u00e3o aos pais ajudam a preparar o terreno para o desenvolvimento da futura denti\u00e7\u00e3o. \u00c9 tamb\u00e9m o momento em que a fam\u00edlia pode se informar sobre o que esperar nos primeiros meses de vida do beb\u00ea \u2014 quando o primeiro dente costuma nascer, como higienizar a boca antes disso e quais h\u00e1bitos evitar desde cedo.<\/p>\n\n\n\n<p class=\"wp-block-paragraph\">Esse preparo antecipado faz diferen\u00e7a porque muitas das altera\u00e7\u00f5es que aparecem na inf\u00e2ncia n\u00e3o surgem de um dia para o outro. Elas se instalam aos poucos, em sil\u00eancio, enquanto o rosto da crian\u00e7a ainda est\u00e1 se formando.<\/p>\n\n\n\n<h2 class=\"wp-block-heading\">Por que os dentes de leite s\u00e3o mais importantes do que parecem<\/h2>\n\n\n\n<p class=\"wp-block-paragraph\">H\u00e1 uma ideia bastante difundida de que o dente de leite \u201cn\u00e3o importa muito porque vai cair de qualquer jeito\u201d. Na pr\u00e1tica cl\u00ednica, \u00e9 o contr\u00e1rio. Os dentes dec\u00edduos cumprem fun\u00e7\u00f5es que v\u00e3o muito al\u00e9m da mastiga\u00e7\u00e3o:<\/p>\n\n\n\n<ul class=\"wp-block-list\">\n<li>Guiam a erup\u00e7\u00e3o dos dentes permanentes, reservando o espa\u00e7o correto para cada um deles.<\/li>\n\n\n\n<li>Participam do desenvolvimento da fala e da articula\u00e7\u00e3o dos sons.<\/li>\n\n\n\n<li>Estimulam o crescimento equilibrado dos ossos maxilares.<\/li>\n\n\n\n<li>Sustentam a fun\u00e7\u00e3o mastigat\u00f3ria, que por sua vez influencia a respira\u00e7\u00e3o e a degluti\u00e7\u00e3o.<\/li>\n<\/ul>\n\n\n\n<p class=\"wp-block-paragraph\">Quando um dente de leite \u00e9 perdido precocemente \u2014 por c\u00e1rie ou trauma \u2014 o espa\u00e7o que ele ocupava tende a se fechar. O dente permanente que viria depois pode nascer torto, preso ou simplesmente n\u00e3o encontrar lugar.<\/p>\n\n\n\n<h2 class=\"wp-block-heading\">O que pode alterar o desenvolvimento da face na inf\u00e2ncia<\/h2>\n\n\n\n<p class=\"wp-block-paragraph\">Durante a inf\u00e2ncia, os ossos dos maxilares est\u00e3o em intensa fase de crescimento. \u00c9 justamente nesse per\u00edodo que alguns fatores podem influenciar o desenvolvimento da face e o posicionamento dos dentes permanentes:<\/p>\n\n\n\n<ul class=\"wp-block-list\">\n<li>Respira\u00e7\u00e3o bucal \u2014 muitas vezes associada a obstru\u00e7\u00f5es nasais, altera a postura da l\u00edngua e o padr\u00e3o de crescimento facial.<\/li>\n\n\n\n<li>Uso prolongado de chupeta ou mamadeira \u2014 pode projetar os dentes anteriores e abrir a mordida.<\/li>\n\n\n\n<li>Suc\u00e7\u00e3o do dedo \u2014 exerce press\u00e3o constante sobre a arcada em forma\u00e7\u00e3o.<\/li>\n\n\n\n<li>Perda precoce dos dentes de leite \u2014 compromete a reserva de espa\u00e7o para os permanentes.<\/li>\n\n\n\n<li>Altera\u00e7\u00f5es de mordida j\u00e1 instaladas \u2014 mordida cruzada, aberta ou profunda tendem a se acentuar com o crescimento.<\/li>\n<\/ul>\n\n\n\n<p class=\"wp-block-paragraph\">Embora a gen\u00e9tica tenha um papel fundamental, hoje sabemos que o crescimento craniofacial tamb\u00e9m sofre influ\u00eancia do ambiente e da fun\u00e7\u00e3o. Em muitos casos, quando as altera\u00e7\u00f5es s\u00e3o identificadas precocemente, \u00e9 poss\u00edvel orientar esse crescimento e minimizar problemas que, na vida adulta, poderiam exigir tratamentos ortod\u00f4nticos complexos ou at\u00e9 cirurgias.<\/p>\n\n\n\n<h2 class=\"wp-block-heading\">O papel da odontopediatria no crescimento craniofacial<\/h2>\n\n\n\n<p class=\"wp-block-paragraph\">\u00c9 nesse momento que entra a <a href=\"https:\/\/www.sbodontologiaespecializada.com.br\/outros-tratamentos-dentarios#sbkids\">odontopediatria<\/a>. Muito al\u00e9m de tratar c\u00e1ries, essa especialidade acompanha o desenvolvimento da crian\u00e7a desde os primeiros meses de vida, avaliando o crescimento dos maxilares, a erup\u00e7\u00e3o dos dentes, os h\u00e1bitos orais e os primeiros sinais de m\u00e1 oclus\u00e3o.<\/p>\n\n\n\n<p class=\"wp-block-paragraph\">Quando necess\u00e1rio, dispositivos ortod\u00f4nticos e ortop\u00e9dicos podem ser utilizados para estimular um desenvolvimento mais equilibrado da mordida e preservar o espa\u00e7o adequado para os dentes permanentes. A l\u00f3gica \u00e9 simples: \u00e9 muito mais f\u00e1cil orientar um osso que ainda est\u00e1 crescendo do que corrigir um osso que j\u00e1 terminou de crescer.<\/p>\n\n\n\n<h2 class=\"wp-block-heading\">Quando levar seu filho ao dentista pela primeira vez<\/h2>\n\n\n\n<p class=\"wp-block-paragraph\">Esta talvez seja a d\u00favida mais comum entre pais e m\u00e3es. A resposta surpreende bastante gente: antes do primeiro dente nascer. Veja o que se acompanha em cada fase.<\/p>\n\n\n\n<h3 class=\"wp-block-heading\">0 a 6 meses \u2014 antes do primeiro dente<\/h3>\n\n\n\n<p class=\"wp-block-paragraph\">A primeira visita pode e deve ocorrer mesmo antes da erup\u00e7\u00e3o do primeiro dente. Nessa consulta, os pais recebem orienta\u00e7\u00f5es sobre higiene da boca do beb\u00ea, amamenta\u00e7\u00e3o, uso de mamadeira e o que observar nos meses seguintes.<\/p>\n\n\n\n<h3 class=\"wp-block-heading\">6 meses a 3 anos \u2014 os primeiros dentes<\/h3>\n\n\n\n<p class=\"wp-block-paragraph\">Ap\u00f3s a erup\u00e7\u00e3o dos primeiros dentes, o beb\u00ea j\u00e1 pode receber os primeiros cuidados de orienta\u00e7\u00e3o e preven\u00e7\u00e3o. \u00c9 a fase em que se trabalha ativamente para evitar a chamada c\u00e1rie de mamadeira, que costuma se instalar r\u00e1pido e comprometer v\u00e1rios dentes ao mesmo tempo.<\/p>\n\n\n\n<h3 class=\"wp-block-heading\">3 a 6 anos \u2014 denti\u00e7\u00e3o de leite completa<\/h3>\n\n\n\n<p class=\"wp-block-paragraph\">A crian\u00e7a j\u00e1 possui a denti\u00e7\u00e3o dec\u00eddua completa. \u00c9 importante que h\u00e1bitos corretos de higiene sejam criados desde cedo e, pela falta de coordena\u00e7\u00e3o motora nessa fase, a profilaxia peri\u00f3dica e a aplica\u00e7\u00e3o de fl\u00faor no consult\u00f3rio passam a ser relevantes. \u00c9 tamb\u00e9m o momento certo para remover h\u00e1bitos que podem prejudicar o desenvolvimento dos maxilares \u2014 mamadeira, chupeta, suc\u00e7\u00e3o de dedo e respira\u00e7\u00e3o bucal.<\/p>\n\n\n\n<h3 class=\"wp-block-heading\">6 a 11 anos \u2014 denti\u00e7\u00e3o mista<\/h3>\n\n\n\n<p class=\"wp-block-paragraph\">Nesta faixa et\u00e1ria a crian\u00e7a apresenta dentes dec\u00edduos e permanentes convivendo na mesma boca. O zelo com os permanentes deve ser dobrado, e os molares costumam ser protegidos com selantes contra c\u00e1ries nas f\u00f3ssulas e fissuras. \u00c9 tamb\u00e9m quando se torna poss\u00edvel o tratamento ortop\u00e9dico com aparelhos m\u00f3veis, guiando o crescimento \u00f3sseo enquanto ele ainda acontece. Hoje existe inclusive a op\u00e7\u00e3o do aparelho invis\u00edvel para crian\u00e7as, o <a href=\"https:\/\/www.sbodontologiaespecializada.com.br\/invisalign\">Invisalign First<\/a>, que cuida da est\u00e9tica, da mordida e do alinhamento desde o in\u00edcio da denti\u00e7\u00e3o permanente.<\/p>\n\n\n\n<h2 class=\"wp-block-heading\">Pediatria e odontopediatria: por que os dois cuidados caminham juntos<\/h2>\n\n\n\n<p class=\"wp-block-paragraph\">A integra\u00e7\u00e3o entre pediatras, odontopediatras e ortodontistas tem se tornado cada vez mais importante. O m\u00e9dico de <a href=\"https:\/\/medguias.com.br\/especialistas\/pediatria\/\">Pediatria<\/a> costuma ser o primeiro profissional a perceber sinais que se manifestam na boca e na face: a crian\u00e7a que dorme de boca aberta, que ronca, que tem infec\u00e7\u00f5es respirat\u00f3rias de repeti\u00e7\u00e3o ou dificuldade de ganhar peso por n\u00e3o mastigar bem.<\/p>\n\n\n\n<p class=\"wp-block-paragraph\">Esses sinais raramente s\u00e3o apenas odontol\u00f3gicos ou apenas m\u00e9dicos. Uma respira\u00e7\u00e3o bucal persistente, por exemplo, pode ter origem em uma obstru\u00e7\u00e3o nasal que cabe ao otorrinolaringologista tratar, mas produz efeitos no crescimento da face que cabem \u00e0 odontopediatra acompanhar. Quando os dois olhares conversam, o problema \u00e9 identificado mais cedo e resolvido com menos interven\u00e7\u00e3o.<\/p>\n\n\n\n<p class=\"wp-block-paragraph\">O objetivo n\u00e3o \u00e9 apenas cuidar dos dentes, mas favorecer o desenvolvimento saud\u00e1vel de todo o sistema estomatogn\u00e1tico \u2014 respons\u00e1vel pela mastiga\u00e7\u00e3o, fala, respira\u00e7\u00e3o e degluti\u00e7\u00e3o.<\/p>\n\n\n\n<h2 class=\"wp-block-heading\">Tecnologia a favor do diagn\u00f3stico precoce<\/h2>\n\n\n\n<p class=\"wp-block-paragraph\">As tecnologias atuais tamb\u00e9m transformaram esse acompanhamento. Escaneamentos digitais, fotografias cl\u00ednicas padronizadas e exames de imagem permitem identificar altera\u00e7\u00f5es muito antes de elas se tornarem problemas maiores.<\/p>\n\n\n\n<ul class=\"wp-block-list\">\n<li>Escaneamento intraoral \u2014 dispensa os moldes desconfort\u00e1veis, que costumam ser um problema com crian\u00e7as pequenas.<\/li>\n\n\n\n<li>Documenta\u00e7\u00e3o fotogr\u00e1fica seriada \u2014 permite comparar o crescimento ao longo dos anos e enxergar tend\u00eancias.<\/li>\n\n\n\n<li>Exames de imagem \u2014 mostram os germes dos dentes permanentes ainda dentro do osso e antecipam a previs\u00e3o de espa\u00e7o.<\/li>\n<\/ul>\n\n\n\n<p class=\"wp-block-paragraph\">O resultado pr\u00e1tico \u00e9 um tratamento mais simples, mais confort\u00e1vel e, muitas vezes, preventivo. Boa parte do que se discute em nosso <a href=\"https:\/\/www.sbodontologiaespecializada.com.br\/blog\/guia-para-um-sorriso-perfeito\/\">guia completo para um sorriso perfeito<\/a> tem raiz aqui: sorrisos harm\u00f4nicos na vida adulta quase sempre come\u00e7aram a ser constru\u00eddos na inf\u00e2ncia.<\/p>\n\n\n\n<h2 class=\"wp-block-heading\">Odontopediatria na Zona Oeste de S\u00e3o Paulo: conhe\u00e7a o servi\u00e7o o SB Kids<\/h2>\n\n\n\n<p class=\"wp-block-paragraph\">Na SB Odontologia Especializada, na Pompeia, mantemos uma \u00e1rea dedicada ao atendimento de crian\u00e7as e jovens, o <a href=\"https:\/\/www.sbodontologiaespecializada.com.br\/outros-tratamentos-dentarios#sbkids\">SB Kids<\/a>, conduzido pela Dra. Amanda B. Peixoto, especialista em Ortodontia pelo CFO e p\u00f3s-graduada em Odontopediatria pela Fundecto-USP. Atendemos fam\u00edlias de Perdizes, Pompeia, Vila Romana, Sumar\u00e9, Pinheiros, Vila Madalena e Lapa h\u00e1 40 anos \u2014 em muitos casos, acompanhando tr\u00eas gera\u00e7\u00f5es da mesma fam\u00edlia.<\/p>\n\n\n\n<p class=\"wp-block-paragraph\">Nossa <a href=\"https:\/\/www.sbodontologiaespecializada.com.br\/clinica\">equipe \u00e9 formada e p\u00f3s-graduada pela USP<\/a>, e o atendimento infantil segue a mesma premissa dos demais: tempo adequado de consulta, explica\u00e7\u00e3o clara para a crian\u00e7a e para os pais, e nenhum procedimento indicado sem necessidade cl\u00ednica estabelecida.<\/p>\n\n\n\n<h2 class=\"wp-block-heading\">Perguntas frequentes sobre odontopediatria<\/h2>\n\n\n\n<h3 class=\"wp-block-heading\">Com que idade devo levar meu filho ao dentista pela primeira vez?<\/h3>\n\n\n\n<p class=\"wp-block-paragraph\">Idealmente antes do primeiro dente nascer, entre 0 e 6 meses. Essa primeira consulta \u00e9 principalmente de orienta\u00e7\u00e3o aos pais e ajuda a evitar problemas que seriam bem mais dif\u00edceis de resolver depois.<\/p>\n\n\n\n<h3 class=\"wp-block-heading\">Dente de leite com c\u00e1rie precisa mesmo ser tratado?<\/h3>\n\n\n\n<p class=\"wp-block-paragraph\">Sim. A c\u00e1rie no dente de leite d\u00f3i, pode infeccionar e pode afetar o germe do dente permanente que est\u00e1 se formando logo abaixo. Al\u00e9m disso, a perda precoce compromete o espa\u00e7o reservado para o sucessor.<\/p>\n\n\n\n<h3 class=\"wp-block-heading\">Chupeta atrapalha mesmo o desenvolvimento da boca?<\/h3>\n\n\n\n<p class=\"wp-block-paragraph\">O uso prolongado, sim. O problema n\u00e3o \u00e9 a chupeta em si nos primeiros meses, mas a perman\u00eancia do h\u00e1bito al\u00e9m da fase esperada \u2014 o que exerce press\u00e3o cont\u00ednua sobre uma arcada que ainda est\u00e1 em forma\u00e7\u00e3o.<\/p>\n\n\n\n<h3 class=\"wp-block-heading\">Meu filho respira pela boca. Isso \u00e9 odontol\u00f3gico?<\/h3>\n\n\n\n<p class=\"wp-block-paragraph\">\u00c9 um sinal que merece avalia\u00e7\u00e3o conjunta. A causa costuma ser respirat\u00f3ria, mas as consequ\u00eancias aparecem no crescimento da face e no posicionamento dos dentes. Por isso a avalia\u00e7\u00e3o com o pediatra e com o odontopediatra caminham juntas.<\/p>\n\n\n\n<h3 class=\"wp-block-heading\">Crian\u00e7a pode usar aparelho antes de trocar todos os dentes?<\/h3>\n\n\n\n<p class=\"wp-block-paragraph\">Pode, e em alguns casos \u00e9 justamente o melhor momento. Aparelhos ortop\u00e9dicos e m\u00f3veis na denti\u00e7\u00e3o mista aproveitam o crescimento \u00f3sseo que ainda est\u00e1 em curso, o que costuma simplificar bastante o tratamento ortod\u00f4ntico futuro.<\/p>\n\n\n\n<h2 class=\"wp-block-heading\">Cuidar hoje \u00e9 investir na sa\u00fade de amanh\u00e3<\/h2>\n\n\n\n<p class=\"wp-block-paragraph\">Cuidar dos dentes de uma crian\u00e7a n\u00e3o significa apenas pensar no sorriso de hoje. Significa investir no desenvolvimento da face, na fun\u00e7\u00e3o mastigat\u00f3ria, na respira\u00e7\u00e3o e na sa\u00fade que ela levar\u00e1 por toda a vida.<\/p>\n\n\n\n<p class=\"wp-block-paragraph\">Se seu filho ainda n\u00e3o passou por uma avalia\u00e7\u00e3o odontol\u00f3gica \u2014 ou se voc\u00ea notou algum dos sinais descritos aqui \u2014 <a href=\"https:\/\/www.sbodontologiaespecializada.com.br\/onde-estamos-localizados\">agende uma avalia\u00e7\u00e3o<\/a> na SB Odontologia Especializada. Estamos na Rua Tavares Bastos, 540, na Pompeia, ao lado do Hospital S\u00e3o Camilo.<\/p>\n\n\n\n<p class=\"wp-block-paragraph\"><strong>Dr. <a href=\"https:\/\/www.linkedin.com\/in\/sergio-barbosa-filho-27bb841a7\/\" target=\"_blank\" rel=\"noreferrer noopener\">S\u00e9rgio Barbosa Filho<\/a><\/strong><\/p>\n\n\n\n<p class=\"wp-block-paragraph\"><em>Cirurgi\u00e3o-dentista graduado e p\u00f3s-graduado pela USP, com especializa\u00e7\u00e3o em Endodontia e em Implantes Dent\u00e1rios pelo CFO, al\u00e9m de p\u00f3s-gradua\u00e7\u00e3o em Odontologia Est\u00e9tica pela Fundecto-USP. Foi professor monitor da disciplina de Endodontia da USP entre 2013 e 2015.<\/em><\/p>\n\n\n\n<p class=\"wp-block-paragraph\"><em>\u00c9 s\u00f3cio-propriet\u00e1rio da SB Odontologia Especializada, em Perdizes\/Pompeia, onde responde pela coordena\u00e7\u00e3o cl\u00ednica dos tratamentos e pela integra\u00e7\u00e3o entre as especialidades da equipe \u2014 incluindo o SB Kids, \u00e1rea dedicada ao atendimento infantil.<\/em><strong><em><\/em><\/strong><\/p>\n","protected":false},"excerpt":{"rendered":"<p>Quando pensamos na sa\u00fade dos nossos filhos, normalmente imaginamos o pr\u00e9-natal, as vacinas, a alimenta\u00e7\u00e3o e as consultas com o pediatra. Mas poucas pessoas sabem que a sa\u00fade bucal tamb\u00e9m come\u00e7a muito antes do nascimento dos dentes permanentes. Na verdade, ela come\u00e7a ainda na gesta\u00e7\u00e3o. E depois do nascimento, os dentes de leite assumem um [&hellip;]<\/p>\n","protected":false},"author":3,"featured_media":488,"comment_status":"closed","ping_status":"closed","sticky":false,"template":"","format":"standard","meta":{"footnotes":""},"categories":[1],"tags":[],"class_list":["post-486","post","type-post","status-publish","format-standard","has-post-thumbnail","hentry","category-sem-categoria"],"yoast_head":"<!-- This site is optimized with the Yoast SEO plugin v27.5 - https:\/\/yoast.com\/product\/yoast-seo-wordpress\/ -->\n<title>Odontopediatria em Perdizes: Sa\u00fade Bucal Desde a Gesta\u00e7\u00e3o<\/title>\n<meta name=\"description\" content=\"A sa\u00fade bucal do seu filho come\u00e7a na gesta\u00e7\u00e3o. Veja como a odontopediatria orienta o crescimento da face e da mordida na SB Odontologia, em Perdizes.\" \/>\n<meta name=\"robots\" content=\"index, follow, max-snippet:-1, max-image-preview:large, max-video-preview:-1\" \/>\n<link rel=\"canonical\" href=\"https:\/\/www.sbodontologiaespecializada.com.br\/blog\/odontopediatria-saude-bucal-infantil\/\" \/>\n<meta property=\"og:locale\" content=\"pt_BR\" \/>\n<meta property=\"og:type\" content=\"article\" \/>\n<meta property=\"og:title\" content=\"Odontopediatria em Perdizes: Sa\u00fade Bucal Desde a Gesta\u00e7\u00e3o\" \/>\n<meta property=\"og:description\" content=\"A sa\u00fade bucal do seu filho come\u00e7a na gesta\u00e7\u00e3o. Veja como a odontopediatria orienta o crescimento da face e da mordida na SB Odontologia, em Perdizes.\" \/>\n<meta property=\"og:url\" content=\"https:\/\/www.sbodontologiaespecializada.com.br\/blog\/odontopediatria-saude-bucal-infantil\/\" \/>\n<meta property=\"og:site_name\" content=\"SB\" \/>\n<meta property=\"article:published_time\" content=\"2026-08-03T16:52:59+00:00\" \/>\n<meta property=\"article:modified_time\" content=\"2026-08-03T16:53:00+00:00\" \/>\n<meta property=\"og:image\" content=\"https:\/\/www.sbodontologiaespecializada.com.br\/blog\/wp-content\/uploads\/2026\/07\/odontopediatria-sb-odontologia-perdizes.webp-1024x572.png\" \/>\n\t<meta property=\"og:image:width\" content=\"1024\" \/>\n\t<meta property=\"og:image:height\" content=\"572\" \/>\n\t<meta property=\"og:image:type\" content=\"image\/png\" \/>\n<meta name=\"author\" content=\"fabio\" \/>\n<meta name=\"twitter:card\" content=\"summary_large_image\" \/>\n<meta name=\"twitter:label1\" content=\"Escrito por\" \/>\n\t<meta name=\"twitter:data1\" content=\"fabio\" \/>\n\t<meta name=\"twitter:label2\" content=\"Est. tempo de leitura\" \/>\n\t<meta name=\"twitter:data2\" content=\"10 minutos\" \/>\n<script type=\"application\/ld+json\" class=\"yoast-schema-graph\">{\"@context\":\"https:\\\/\\\/schema.org\",\"@graph\":[{\"@type\":\"Article\",\"@id\":\"https:\\\/\\\/www.sbodontologiaespecializada.com.br\\\/blog\\\/odontopediatria-saude-bucal-infantil\\\/#article\",\"isPartOf\":{\"@id\":\"https:\\\/\\\/www.sbodontologiaespecializada.com.br\\\/blog\\\/odontopediatria-saude-bucal-infantil\\\/\"},\"author\":{\"name\":\"fabio\",\"@id\":\"https:\\\/\\\/www.sbodontologiaespecializada.com.br\\\/blog\\\/#\\\/schema\\\/person\\\/ec50ef9b8045edecbccc02e2489a9d9a\"},\"headline\":\"Odontopediatria: cuide dos dentes dos seus filhos antes mesmo de eles nascerem\",\"datePublished\":\"2026-08-03T16:52:59+00:00\",\"dateModified\":\"2026-08-03T16:53:00+00:00\",\"mainEntityOfPage\":{\"@id\":\"https:\\\/\\\/www.sbodontologiaespecializada.com.br\\\/blog\\\/odontopediatria-saude-bucal-infantil\\\/\"},\"wordCount\":1846,\"publisher\":{\"@id\":\"https:\\\/\\\/www.sbodontologiaespecializada.com.br\\\/blog\\\/#organization\"},\"image\":{\"@id\":\"https:\\\/\\\/www.sbodontologiaespecializada.com.br\\\/blog\\\/odontopediatria-saude-bucal-infantil\\\/#primaryimage\"},\"thumbnailUrl\":\"https:\\\/\\\/www.sbodontologiaespecializada.com.br\\\/blog\\\/wp-content\\\/uploads\\\/2026\\\/07\\\/odontopediatria-sb-odontologia-perdizes.webp.png\",\"inLanguage\":\"pt-BR\"},{\"@type\":\"WebPage\",\"@id\":\"https:\\\/\\\/www.sbodontologiaespecializada.com.br\\\/blog\\\/odontopediatria-saude-bucal-infantil\\\/\",\"url\":\"https:\\\/\\\/www.sbodontologiaespecializada.com.br\\\/blog\\\/odontopediatria-saude-bucal-infantil\\\/\",\"name\":\"Odontopediatria em Perdizes: Sa\u00fade Bucal Desde a Gesta\u00e7\u00e3o\",\"isPartOf\":{\"@id\":\"https:\\\/\\\/www.sbodontologiaespecializada.com.br\\\/blog\\\/#website\"},\"primaryImageOfPage\":{\"@id\":\"https:\\\/\\\/www.sbodontologiaespecializada.com.br\\\/blog\\\/odontopediatria-saude-bucal-infantil\\\/#primaryimage\"},\"image\":{\"@id\":\"https:\\\/\\\/www.sbodontologiaespecializada.com.br\\\/blog\\\/odontopediatria-saude-bucal-infantil\\\/#primaryimage\"},\"thumbnailUrl\":\"https:\\\/\\\/www.sbodontologiaespecializada.com.br\\\/blog\\\/wp-content\\\/uploads\\\/2026\\\/07\\\/odontopediatria-sb-odontologia-perdizes.webp.png\",\"datePublished\":\"2026-08-03T16:52:59+00:00\",\"dateModified\":\"2026-08-03T16:53:00+00:00\",\"description\":\"A sa\u00fade bucal do seu filho come\u00e7a na gesta\u00e7\u00e3o. Veja como a odontopediatria orienta o crescimento da face e da mordida na SB Odontologia, em Perdizes.\",\"breadcrumb\":{\"@id\":\"https:\\\/\\\/www.sbodontologiaespecializada.com.br\\\/blog\\\/odontopediatria-saude-bucal-infantil\\\/#breadcrumb\"},\"inLanguage\":\"pt-BR\",\"potentialAction\":[{\"@type\":\"ReadAction\",\"target\":[\"https:\\\/\\\/www.sbodontologiaespecializada.com.br\\\/blog\\\/odontopediatria-saude-bucal-infantil\\\/\"]}]},{\"@type\":\"ImageObject\",\"inLanguage\":\"pt-BR\",\"@id\":\"https:\\\/\\\/www.sbodontologiaespecializada.com.br\\\/blog\\\/odontopediatria-saude-bucal-infantil\\\/#primaryimage\",\"url\":\"https:\\\/\\\/www.sbodontologiaespecializada.com.br\\\/blog\\\/wp-content\\\/uploads\\\/2026\\\/07\\\/odontopediatria-sb-odontologia-perdizes.webp.png\",\"contentUrl\":\"https:\\\/\\\/www.sbodontologiaespecializada.com.br\\\/blog\\\/wp-content\\\/uploads\\\/2026\\\/07\\\/odontopediatria-sb-odontologia-perdizes.webp.png\",\"width\":1376,\"height\":768,\"caption\":\"Foto de um consult\u00f3rio com uma dentista mulher sorrindo em frente \u00e0 uma crian\u00e7a sentada na cadeira de dentista sendo atendida, com a boca aberta. Ao fundo se v\u00ea um balc\u00e3o de atendimento e a secretaria do consult\u00f3rio sorrindo. Atendimento de odontologia infantil e pediatria no consult\u00f3rio da SB Kids em Perdizes, S\u00e3o Paulo. Odontopediatra realizando consulta de odontologia infantil\"},{\"@type\":\"BreadcrumbList\",\"@id\":\"https:\\\/\\\/www.sbodontologiaespecializada.com.br\\\/blog\\\/odontopediatria-saude-bucal-infantil\\\/#breadcrumb\",\"itemListElement\":[{\"@type\":\"ListItem\",\"position\":1,\"name\":\"In\u00edcio\",\"item\":\"https:\\\/\\\/www.sbodontologiaespecializada.com.br\\\/blog\\\/\"},{\"@type\":\"ListItem\",\"position\":2,\"name\":\"Odontopediatria: cuide dos dentes dos seus filhos antes mesmo de eles nascerem\"}]},{\"@type\":\"WebSite\",\"@id\":\"https:\\\/\\\/www.sbodontologiaespecializada.com.br\\\/blog\\\/#website\",\"url\":\"https:\\\/\\\/www.sbodontologiaespecializada.com.br\\\/blog\\\/\",\"name\":\"Cilene Lupi\",\"description\":\"Odontologia Especializada\",\"publisher\":{\"@id\":\"https:\\\/\\\/www.sbodontologiaespecializada.com.br\\\/blog\\\/#organization\"},\"potentialAction\":[{\"@type\":\"SearchAction\",\"target\":{\"@type\":\"EntryPoint\",\"urlTemplate\":\"https:\\\/\\\/www.sbodontologiaespecializada.com.br\\\/blog\\\/?s={search_term_string}\"},\"query-input\":{\"@type\":\"PropertyValueSpecification\",\"valueRequired\":true,\"valueName\":\"search_term_string\"}}],\"inLanguage\":\"pt-BR\"},{\"@type\":\"Organization\",\"@id\":\"https:\\\/\\\/www.sbodontologiaespecializada.com.br\\\/blog\\\/#organization\",\"name\":\"Cilene Lupi\",\"url\":\"https:\\\/\\\/www.sbodontologiaespecializada.com.br\\\/blog\\\/\",\"logo\":{\"@type\":\"ImageObject\",\"inLanguage\":\"pt-BR\",\"@id\":\"https:\\\/\\\/www.sbodontologiaespecializada.com.br\\\/blog\\\/#\\\/schema\\\/logo\\\/image\\\/\",\"url\":\"https:\\\/\\\/www.cilenelupi.com.br\\\/wp-content\\\/uploads\\\/2023\\\/05\\\/logotipo.png\",\"contentUrl\":\"https:\\\/\\\/www.cilenelupi.com.br\\\/wp-content\\\/uploads\\\/2023\\\/05\\\/logotipo.png\",\"width\":416,\"height\":98,\"caption\":\"Cilene Lupi\"},\"image\":{\"@id\":\"https:\\\/\\\/www.sbodontologiaespecializada.com.br\\\/blog\\\/#\\\/schema\\\/logo\\\/image\\\/\"}},{\"@type\":\"Person\",\"@id\":\"https:\\\/\\\/www.sbodontologiaespecializada.com.br\\\/blog\\\/#\\\/schema\\\/person\\\/ec50ef9b8045edecbccc02e2489a9d9a\",\"name\":\"fabio\",\"image\":{\"@type\":\"ImageObject\",\"inLanguage\":\"pt-BR\",\"@id\":\"https:\\\/\\\/secure.gravatar.com\\\/avatar\\\/765c9329c1b79f5b9b408c582da12f06a61913a4b675aedfa598e5c6c379db1c?s=96&d=mm&r=g\",\"url\":\"https:\\\/\\\/secure.gravatar.com\\\/avatar\\\/765c9329c1b79f5b9b408c582da12f06a61913a4b675aedfa598e5c6c379db1c?s=96&d=mm&r=g\",\"contentUrl\":\"https:\\\/\\\/secure.gravatar.com\\\/avatar\\\/765c9329c1b79f5b9b408c582da12f06a61913a4b675aedfa598e5c6c379db1c?s=96&d=mm&r=g\",\"caption\":\"fabio\"},\"url\":\"https:\\\/\\\/www.sbodontologiaespecializada.com.br\\\/blog\\\/author\\\/fabio\\\/\"}]}<\/script>\n<!-- \/ Yoast SEO plugin. -->","yoast_head_json":{"title":"Odontopediatria em Perdizes: Sa\u00fade Bucal Desde a Gesta\u00e7\u00e3o","description":"A sa\u00fade bucal do seu filho come\u00e7a na gesta\u00e7\u00e3o. Veja como a odontopediatria orienta o crescimento da face e da mordida na SB Odontologia, em Perdizes.","robots":{"index":"index","follow":"follow","max-snippet":"max-snippet:-1","max-image-preview":"max-image-preview:large","max-video-preview":"max-video-preview:-1"},"canonical":"https:\/\/www.sbodontologiaespecializada.com.br\/blog\/odontopediatria-saude-bucal-infantil\/","og_locale":"pt_BR","og_type":"article","og_title":"Odontopediatria em Perdizes: Sa\u00fade Bucal Desde a Gesta\u00e7\u00e3o","og_description":"A sa\u00fade bucal do seu filho come\u00e7a na gesta\u00e7\u00e3o. Veja como a odontopediatria orienta o crescimento da face e da mordida na SB Odontologia, em Perdizes.","og_url":"https:\/\/www.sbodontologiaespecializada.com.br\/blog\/odontopediatria-saude-bucal-infantil\/","og_site_name":"SB","article_published_time":"2026-08-03T16:52:59+00:00","article_modified_time":"2026-08-03T16:53:00+00:00","og_image":[{"width":1024,"height":572,"url":"https:\/\/www.sbodontologiaespecializada.com.br\/blog\/wp-content\/uploads\/2026\/07\/odontopediatria-sb-odontologia-perdizes.webp-1024x572.png","type":"image\/png"}],"author":"fabio","twitter_card":"summary_large_image","twitter_misc":{"Escrito por":"fabio","Est. tempo de leitura":"10 minutos"},"schema":{"@context":"https:\/\/schema.org","@graph":[{"@type":"Article","@id":"https:\/\/www.sbodontologiaespecializada.com.br\/blog\/odontopediatria-saude-bucal-infantil\/#article","isPartOf":{"@id":"https:\/\/www.sbodontologiaespecializada.com.br\/blog\/odontopediatria-saude-bucal-infantil\/"},"author":{"name":"fabio","@id":"https:\/\/www.sbodontologiaespecializada.com.br\/blog\/#\/schema\/person\/ec50ef9b8045edecbccc02e2489a9d9a"},"headline":"Odontopediatria: cuide dos dentes dos seus filhos antes mesmo de eles nascerem","datePublished":"2026-08-03T16:52:59+00:00","dateModified":"2026-08-03T16:53:00+00:00","mainEntityOfPage":{"@id":"https:\/\/www.sbodontologiaespecializada.com.br\/blog\/odontopediatria-saude-bucal-infantil\/"},"wordCount":1846,"publisher":{"@id":"https:\/\/www.sbodontologiaespecializada.com.br\/blog\/#organization"},"image":{"@id":"https:\/\/www.sbodontologiaespecializada.com.br\/blog\/odontopediatria-saude-bucal-infantil\/#primaryimage"},"thumbnailUrl":"https:\/\/www.sbodontologiaespecializada.com.br\/blog\/wp-content\/uploads\/2026\/07\/odontopediatria-sb-odontologia-perdizes.webp.png","inLanguage":"pt-BR"},{"@type":"WebPage","@id":"https:\/\/www.sbodontologiaespecializada.com.br\/blog\/odontopediatria-saude-bucal-infantil\/","url":"https:\/\/www.sbodontologiaespecializada.com.br\/blog\/odontopediatria-saude-bucal-infantil\/","name":"Odontopediatria em Perdizes: Sa\u00fade Bucal Desde a Gesta\u00e7\u00e3o","isPartOf":{"@id":"https:\/\/www.sbodontologiaespecializada.com.br\/blog\/#website"},"primaryImageOfPage":{"@id":"https:\/\/www.sbodontologiaespecializada.com.br\/blog\/odontopediatria-saude-bucal-infantil\/#primaryimage"},"image":{"@id":"https:\/\/www.sbodontologiaespecializada.com.br\/blog\/odontopediatria-saude-bucal-infantil\/#primaryimage"},"thumbnailUrl":"https:\/\/www.sbodontologiaespecializada.com.br\/blog\/wp-content\/uploads\/2026\/07\/odontopediatria-sb-odontologia-perdizes.webp.png","datePublished":"2026-08-03T16:52:59+00:00","dateModified":"2026-08-03T16:53:00+00:00","description":"A sa\u00fade bucal do seu filho come\u00e7a na gesta\u00e7\u00e3o. Veja como a odontopediatria orienta o crescimento da face e da mordida na SB Odontologia, em Perdizes.","breadcrumb":{"@id":"https:\/\/www.sbodontologiaespecializada.com.br\/blog\/odontopediatria-saude-bucal-infantil\/#breadcrumb"},"inLanguage":"pt-BR","potentialAction":[{"@type":"ReadAction","target":["https:\/\/www.sbodontologiaespecializada.com.br\/blog\/odontopediatria-saude-bucal-infantil\/"]}]},{"@type":"ImageObject","inLanguage":"pt-BR","@id":"https:\/\/www.sbodontologiaespecializada.com.br\/blog\/odontopediatria-saude-bucal-infantil\/#primaryimage","url":"https:\/\/www.sbodontologiaespecializada.com.br\/blog\/wp-content\/uploads\/2026\/07\/odontopediatria-sb-odontologia-perdizes.webp.png","contentUrl":"https:\/\/www.sbodontologiaespecializada.com.br\/blog\/wp-content\/uploads\/2026\/07\/odontopediatria-sb-odontologia-perdizes.webp.png","width":1376,"height":768,"caption":"Foto de um consult\u00f3rio com uma dentista mulher sorrindo em frente \u00e0 uma crian\u00e7a sentada na cadeira de dentista sendo atendida, com a boca aberta. Ao fundo se v\u00ea um balc\u00e3o de atendimento e a secretaria do consult\u00f3rio sorrindo. Atendimento de odontologia infantil e pediatria no consult\u00f3rio da SB Kids em Perdizes, S\u00e3o Paulo. Odontopediatra realizando consulta de odontologia infantil"},{"@type":"BreadcrumbList","@id":"https:\/\/www.sbodontologiaespecializada.com.br\/blog\/odontopediatria-saude-bucal-infantil\/#breadcrumb","itemListElement":[{"@type":"ListItem","position":1,"name":"In\u00edcio","item":"https:\/\/www.sbodontologiaespecializada.com.br\/blog\/"},{"@type":"ListItem","position":2,"name":"Odontopediatria: cuide dos dentes dos seus filhos antes mesmo de eles nascerem"}]},{"@type":"WebSite","@id":"https:\/\/www.sbodontologiaespecializada.com.br\/blog\/#website","url":"https:\/\/www.sbodontologiaespecializada.com.br\/blog\/","name":"Cilene Lupi","description":"Odontologia Especializada","publisher":{"@id":"https:\/\/www.sbodontologiaespecializada.com.br\/blog\/#organization"},"potentialAction":[{"@type":"SearchAction","target":{"@type":"EntryPoint","urlTemplate":"https:\/\/www.sbodontologiaespecializada.com.br\/blog\/?s={search_term_string}"},"query-input":{"@type":"PropertyValueSpecification","valueRequired":true,"valueName":"search_term_string"}}],"inLanguage":"pt-BR"},{"@type":"Organization","@id":"https:\/\/www.sbodontologiaespecializada.com.br\/blog\/#organization","name":"Cilene Lupi","url":"https:\/\/www.sbodontologiaespecializada.com.br\/blog\/","logo":{"@type":"ImageObject","inLanguage":"pt-BR","@id":"https:\/\/www.sbodontologiaespecializada.com.br\/blog\/#\/schema\/logo\/image\/","url":"https:\/\/www.cilenelupi.com.br\/wp-content\/uploads\/2023\/05\/logotipo.png","contentUrl":"https:\/\/www.cilenelupi.com.br\/wp-content\/uploads\/2023\/05\/logotipo.png","width":416,"height":98,"caption":"Cilene Lupi"},"image":{"@id":"https:\/\/www.sbodontologiaespecializada.com.br\/blog\/#\/schema\/logo\/image\/"}},{"@type":"Person","@id":"https:\/\/www.sbodontologiaespecializada.com.br\/blog\/#\/schema\/person\/ec50ef9b8045edecbccc02e2489a9d9a","name":"fabio","image":{"@type":"ImageObject","inLanguage":"pt-BR","@id":"https:\/\/secure.gravatar.com\/avatar\/765c9329c1b79f5b9b408c582da12f06a61913a4b675aedfa598e5c6c379db1c?s=96&d=mm&r=g","url":"https:\/\/secure.gravatar.com\/avatar\/765c9329c1b79f5b9b408c582da12f06a61913a4b675aedfa598e5c6c379db1c?s=96&d=mm&r=g","contentUrl":"https:\/\/secure.gravatar.com\/avatar\/765c9329c1b79f5b9b408c582da12f06a61913a4b675aedfa598e5c6c379db1c?s=96&d=mm&r=g","caption":"fabio"},"url":"https:\/\/www.sbodontologiaespecializada.com.br\/blog\/author\/fabio\/"}]}},"_links":{"self":[{"href":"https:\/\/www.sbodontologiaespecializada.com.br\/blog\/wp-json\/wp\/v2\/posts\/486","targetHints":{"allow":["GET"]}}],"collection":[{"href":"https:\/\/www.sbodontologiaespecializada.com.br\/blog\/wp-json\/wp\/v2\/posts"}],"about":[{"href":"https:\/\/www.sbodontologiaespecializada.com.br\/blog\/wp-json\/wp\/v2\/types\/post"}],"author":[{"embeddable":true,"href":"https:\/\/www.sbodontologiaespecializada.com.br\/blog\/wp-json\/wp\/v2\/users\/3"}],"replies":[{"embeddable":true,"href":"https:\/\/www.sbodontologiaespecializada.com.br\/blog\/wp-json\/wp\/v2\/comments?post=486"}],"version-history":[{"count":1,"href":"https:\/\/www.sbodontologiaespecializada.com.br\/blog\/wp-json\/wp\/v2\/posts\/486\/revisions"}],"predecessor-version":[{"id":489,"href":"https:\/\/www.sbodontologiaespecializada.com.br\/blog\/wp-json\/wp\/v2\/posts\/486\/revisions\/489"}],"wp:featuredmedia":[{"embeddable":true,"href":"https:\/\/www.sbodontologiaespecializada.com.br\/blog\/wp-json\/wp\/v2\/media\/488"}],"wp:attachment":[{"href":"https:\/\/www.sbodontologiaespecializada.com.br\/blog\/wp-json\/wp\/v2\/media?parent=486"}],"wp:term":[{"taxonomy":"category","embeddable":true,"href":"https:\/\/www.sbodontologiaespecializada.com.br\/blog\/wp-json\/wp\/v2\/categories?post=486"},{"taxonomy":"post_tag","embeddable":true,"href":"https:\/\/www.sbodontologiaespecializada.com.br\/blog\/wp-json\/wp\/v2\/tags?post=486"}],"curies":[{"name":"wp","href":"https:\/\/api.w.org\/{rel}","templated":true}]}}